{"id":1489,"date":"2024-10-13T13:02:27","date_gmt":"2024-10-13T11:02:27","guid":{"rendered":"https:\/\/lesnaturalistesdecharleroi.be\/?p=1489"},"modified":"2024-10-13T13:02:27","modified_gmt":"2024-10-13T11:02:27","slug":"sortie-du-bulletin-automne-2024","status":"publish","type":"post","link":"https:\/\/lesnaturalistesdecharleroi.be\/index.php\/2024\/10\/13\/sortie-du-bulletin-automne-2024\/","title":{"rendered":"Sortie du bulletin: \u00ab\u00a0automne 2024\u00a0\u00bb"},"content":{"rendered":"\n<p>Le bulletin \u00ab automne 2024 \u00bb de notre soci\u00e9t\u00e9, num\u00e9ro 4 ann\u00e9e 77, vient de sortir de presses! Nos membres le recevront bient\u00f4t par la poste.<br><br>Cet ouvrage de 48 pages reprend l\u2019agenda des activit\u00e9s du 12 octobre au 8 f\u00e9vrier ainsi que les compte-rendus des sorties suivantes:<br>\u2013 Sortie botanique dans les prairies \u00e0 orchid\u00e9es et fonds de vall\u00e9e de la r\u00e9serve d&rsquo;Al Flor\u00e9e (Merlemont), le 22 juin 2024<br>\u2013 Session vall\u00e9e de Chamonix, du 29 juin au 6 juillet 2024<br>\u2013 Sortie botanique sur friches \u00e0 Montignies-sur-Sambre, le 7 juillet 2024<br>\u2013 Visite de la vall\u00e9e de la Marcq, le 13 juillet 2024<br>\u2013 Vall\u00e9e du Molenbeek, Jette et Ganshoren, le 20 juillet 2024<br>\u2013 D\u00e9couverte du bois de Lauzelle et de son arboretum, le 3 ao\u00fbt 2024<br>\u2013 Sortie au terril Sainte-Catherine, au bois du Roton, et au terril Saint-Jacques \u00e0 Farciennes, le 24 ao\u00fbt 2024<\/p>\n\n\n\n<p>On peut \u00e9galement y trouver un article: \u00ab\u00a0la lutte contre les esp\u00e8ces exotiques envahissantes en milieu aquatique\u00a0\u00bb.<\/p>\n\n\n\n<p>Quatre bulletins sont produits chaque ann\u00e9e avec les compte-rendus des sorties de la saison pr\u00e9c\u00e9dente ainsi que des contributions originales de membres, ils sont disponibles pour tous les membres de notre soci\u00e9t\u00e9 en ordre de cotisation!<\/p>\n\n\n\n<figure class=\"wp-block-image size-full\"><img decoding=\"async\" loading=\"lazy\" width=\"465\" height=\"714\" src=\"https:\/\/lesnaturalistesdecharleroi.be\/wp-content\/uploads\/2024\/10\/image-2.png\" alt=\"\" class=\"wp-image-1492\" srcset=\"https:\/\/lesnaturalistesdecharleroi.be\/wp-content\/uploads\/2024\/10\/image-2.png 465w, https:\/\/lesnaturalistesdecharleroi.be\/wp-content\/uploads\/2024\/10\/image-2-195x300.png 195w\" sizes=\"(max-width: 465px) 100vw, 465px\" \/><\/figure>\n","protected":false},"excerpt":{"rendered":"<p>Le bulletin \u00ab automne 2024 \u00bb de notre soci\u00e9t\u00e9, num\u00e9ro 4 ann\u00e9e 77, vient de sortir de presses! Nos membres le recevront bient\u00f4t par la poste. Cet ouvrage de 48 pages reprend l\u2019agenda des activit\u00e9s du 12 octobre au 8 f\u00e9vrier ainsi que les compte-rendus des sorties suivantes:\u2013 Sortie botanique dans les prairies \u00e0 orchid\u00e9es &hellip;<\/p>\n<p class=\"read-more\"> <a class=\"\" href=\"https:\/\/lesnaturalistesdecharleroi.be\/index.php\/2024\/10\/13\/sortie-du-bulletin-automne-2024\/\"> <span class=\"screen-reader-text\">Sortie du bulletin: \u00ab\u00a0automne 2024\u00a0\u00bb<\/span> Lire la suite\u00a0\u00bb<\/a><\/p>\n","protected":false},"author":4,"featured_media":0,"comment_status":"closed","ping_status":"","sticky":false,"template":"","format":"standard","meta":{"site-sidebar-layout":"default","site-content-layout":"default","ast-global-header-display":"","ast-main-header-display":"","ast-hfb-above-header-display":"","ast-hfb-below-header-display":"","ast-hfb-mobile-header-display":"","site-post-title":"","ast-breadcrumbs-content":"","ast-featured-img":"","footer-sml-layout":"","theme-transparent-header-meta":"","adv-header-id-meta":"","stick-header-meta":"","header-above-stick-meta":"","header-main-stick-meta":"","header-below-stick-meta":"","footnotes":""},"categories":[9],"tags":[10],"_links":{"self":[{"href":"https:\/\/lesnaturalistesdecharleroi.be\/index.php\/wp-json\/wp\/v2\/posts\/1489"}],"collection":[{"href":"https:\/\/lesnaturalistesdecharleroi.be\/index.php\/wp-json\/wp\/v2\/posts"}],"about":[{"href":"https:\/\/lesnaturalistesdecharleroi.be\/index.php\/wp-json\/wp\/v2\/types\/post"}],"author":[{"embeddable":true,"href":"https:\/\/lesnaturalistesdecharleroi.be\/index.php\/wp-json\/wp\/v2\/users\/4"}],"replies":[{"embeddable":true,"href":"https:\/\/lesnaturalistesdecharleroi.be\/index.php\/wp-json\/wp\/v2\/comments?post=1489"}],"version-history":[{"count":1,"href":"https:\/\/lesnaturalistesdecharleroi.be\/index.php\/wp-json\/wp\/v2\/posts\/1489\/revisions"}],"predecessor-version":[{"id":1493,"href":"https:\/\/lesnaturalistesdecharleroi.be\/index.php\/wp-json\/wp\/v2\/posts\/1489\/revisions\/1493"}],"wp:attachment":[{"href":"https:\/\/lesnaturalistesdecharleroi.be\/index.php\/wp-json\/wp\/v2\/media?parent=1489"}],"wp:term":[{"taxonomy":"category","embeddable":true,"href":"https:\/\/lesnaturalistesdecharleroi.be\/index.php\/wp-json\/wp\/v2\/categories?post=1489"},{"taxonomy":"post_tag","embeddable":true,"href":"https:\/\/lesnaturalistesdecharleroi.be\/index.php\/wp-json\/wp\/v2\/tags?post=1489"}],"curies":[{"name":"wp","href":"https:\/\/api.w.org\/{rel}","templated":true}]}}