{"id":1418,"date":"2024-06-07T20:35:10","date_gmt":"2024-06-07T18:35:10","guid":{"rendered":"https:\/\/lesnaturalistesdecharleroi.be\/?p=1418"},"modified":"2024-10-13T12:42:55","modified_gmt":"2024-10-13T10:42:55","slug":"prospection-botanique-a-erquelinnes","status":"publish","type":"post","link":"https:\/\/lesnaturalistesdecharleroi.be\/index.php\/2024\/06\/07\/prospection-botanique-a-erquelinnes\/","title":{"rendered":"Prospection botanique \u00e0 Erquelinnes"},"content":{"rendered":"\n<p>Malgr\u00e9 une m\u00e9t\u00e9o tr\u00e8s maussade, voire automnale, un beau groupe s&rsquo;est retrouv\u00e9 \u00e0 la fronti\u00e8re fran\u00e7aise pour visiter les r\u00e9serves naturelles du bord du canal de Sambre, \u00e0 Marpent. De belles esp\u00e8ces \u00e9taient au rendez-vous comme le y\u00e8ble (<em>Sambucus ebulus<\/em>) et la pyrole \u00e0 feuilles rondes (<em>Pyrola rotundifolia<\/em>). Malgr\u00e9 la grisaille, tout le monde \u00e9tait de bonne humeur et enthousiasm\u00e9 par cette belle promenade!<\/p>\n\n\n\n<p>Pour d\u00e9couvrir tous les d\u00e9tails de cette sortie, vous pourrez consulter notre prochain bulletin, \u00ab\u00a0\u00e9t\u00e9 2024\u00a0\u00bb (ann\u00e9e 77 n\u00b0 3) qui sortira dans un mois!<\/p>\n\n\n\n<figure class=\"wp-block-gallery has-nested-images columns-default is-cropped wp-block-gallery-1 is-layout-flex wp-block-gallery-is-layout-flex\">\n<figure class=\"wp-block-image size-large\"><img decoding=\"async\" loading=\"lazy\" width=\"1024\" height=\"768\" data-id=\"1423\" src=\"https:\/\/lesnaturalistesdecharleroi.be\/wp-content\/uploads\/2024\/06\/DSC02676-1024x768.jpg\" alt=\"\" class=\"wp-image-1423\" srcset=\"https:\/\/lesnaturalistesdecharleroi.be\/wp-content\/uploads\/2024\/06\/DSC02676-1024x768.jpg 1024w, https:\/\/lesnaturalistesdecharleroi.be\/wp-content\/uploads\/2024\/06\/DSC02676-300x225.jpg 300w, https:\/\/lesnaturalistesdecharleroi.be\/wp-content\/uploads\/2024\/06\/DSC02676-768x576.jpg 768w, https:\/\/lesnaturalistesdecharleroi.be\/wp-content\/uploads\/2024\/06\/DSC02676-1536x1152.jpg 1536w, https:\/\/lesnaturalistesdecharleroi.be\/wp-content\/uploads\/2024\/06\/DSC02676-2048x1536.jpg 2048w\" sizes=\"(max-width: 1024px) 100vw, 1024px\" \/><figcaption class=\"wp-element-caption\">Une belle station de <em>Sambucus ebulus<\/em> en bordure du canal de la Sambre.<\/figcaption><\/figure>\n\n\n\n<figure class=\"wp-block-image size-large\"><img decoding=\"async\" loading=\"lazy\" width=\"1024\" height=\"768\" data-id=\"1422\" src=\"https:\/\/lesnaturalistesdecharleroi.be\/wp-content\/uploads\/2024\/06\/DSC02675-1-1024x768.jpg\" alt=\"\" class=\"wp-image-1422\" srcset=\"https:\/\/lesnaturalistesdecharleroi.be\/wp-content\/uploads\/2024\/06\/DSC02675-1-1024x768.jpg 1024w, https:\/\/lesnaturalistesdecharleroi.be\/wp-content\/uploads\/2024\/06\/DSC02675-1-300x225.jpg 300w, https:\/\/lesnaturalistesdecharleroi.be\/wp-content\/uploads\/2024\/06\/DSC02675-1-768x576.jpg 768w, https:\/\/lesnaturalistesdecharleroi.be\/wp-content\/uploads\/2024\/06\/DSC02675-1-1536x1152.jpg 1536w, https:\/\/lesnaturalistesdecharleroi.be\/wp-content\/uploads\/2024\/06\/DSC02675-1-2048x1536.jpg 2048w\" sizes=\"(max-width: 1024px) 100vw, 1024px\" \/><figcaption class=\"wp-element-caption\">Une partie de notre groupe perplexe face \u00e0 un <em>Carex<\/em>. Toujours une situation d\u00e9licate!<\/figcaption><\/figure>\n\n\n\n<figure class=\"wp-block-image size-large\"><img decoding=\"async\" loading=\"lazy\" width=\"1024\" height=\"768\" data-id=\"1421\" src=\"https:\/\/lesnaturalistesdecharleroi.be\/wp-content\/uploads\/2024\/06\/DSC02690-1024x768.jpg\" alt=\"\" class=\"wp-image-1421\" srcset=\"https:\/\/lesnaturalistesdecharleroi.be\/wp-content\/uploads\/2024\/06\/DSC02690-1024x768.jpg 1024w, https:\/\/lesnaturalistesdecharleroi.be\/wp-content\/uploads\/2024\/06\/DSC02690-300x225.jpg 300w, https:\/\/lesnaturalistesdecharleroi.be\/wp-content\/uploads\/2024\/06\/DSC02690-768x576.jpg 768w, https:\/\/lesnaturalistesdecharleroi.be\/wp-content\/uploads\/2024\/06\/DSC02690-1536x1152.jpg 1536w, https:\/\/lesnaturalistesdecharleroi.be\/wp-content\/uploads\/2024\/06\/DSC02690-2048x1536.jpg 2048w\" sizes=\"(max-width: 1024px) 100vw, 1024px\" \/><figcaption class=\"wp-element-caption\">Une \u00e9norme station de <em>Pyrola rotundifolia<\/em> en sous-bois, sur un ancien terrain industriel.<\/figcaption><\/figure>\n<\/figure>\n","protected":false},"excerpt":{"rendered":"<p>Malgr\u00e9 une m\u00e9t\u00e9o tr\u00e8s maussade, voire automnale, un beau groupe s&rsquo;est retrouv\u00e9 \u00e0 la fronti\u00e8re fran\u00e7aise pour visiter les r\u00e9serves naturelles du bord du canal de Sambre, \u00e0 Marpent. De belles esp\u00e8ces \u00e9taient au rendez-vous comme le y\u00e8ble (Sambucus ebulus) et la pyrole \u00e0 feuilles rondes (Pyrola rotundifolia). Malgr\u00e9 la grisaille, tout le monde \u00e9tait &hellip;<\/p>\n<p class=\"read-more\"> <a class=\"\" href=\"https:\/\/lesnaturalistesdecharleroi.be\/index.php\/2024\/06\/07\/prospection-botanique-a-erquelinnes\/\"> <span class=\"screen-reader-text\">Prospection botanique \u00e0 Erquelinnes<\/span> Lire la suite\u00a0\u00bb<\/a><\/p>\n","protected":false},"author":4,"featured_media":0,"comment_status":"closed","ping_status":"","sticky":false,"template":"","format":"standard","meta":{"site-sidebar-layout":"default","site-content-layout":"default","ast-global-header-display":"","ast-main-header-display":"","ast-hfb-above-header-display":"","ast-hfb-below-header-display":"","ast-hfb-mobile-header-display":"","site-post-title":"","ast-breadcrumbs-content":"","ast-featured-img":"","footer-sml-layout":"","theme-transparent-header-meta":"","adv-header-id-meta":"","stick-header-meta":"","header-above-stick-meta":"","header-main-stick-meta":"","header-below-stick-meta":"","footnotes":""},"categories":[12],"tags":[18,16,13],"_links":{"self":[{"href":"https:\/\/lesnaturalistesdecharleroi.be\/index.php\/wp-json\/wp\/v2\/posts\/1418"}],"collection":[{"href":"https:\/\/lesnaturalistesdecharleroi.be\/index.php\/wp-json\/wp\/v2\/posts"}],"about":[{"href":"https:\/\/lesnaturalistesdecharleroi.be\/index.php\/wp-json\/wp\/v2\/types\/post"}],"author":[{"embeddable":true,"href":"https:\/\/lesnaturalistesdecharleroi.be\/index.php\/wp-json\/wp\/v2\/users\/4"}],"replies":[{"embeddable":true,"href":"https:\/\/lesnaturalistesdecharleroi.be\/index.php\/wp-json\/wp\/v2\/comments?post=1418"}],"version-history":[{"count":3,"href":"https:\/\/lesnaturalistesdecharleroi.be\/index.php\/wp-json\/wp\/v2\/posts\/1418\/revisions"}],"predecessor-version":[{"id":1453,"href":"https:\/\/lesnaturalistesdecharleroi.be\/index.php\/wp-json\/wp\/v2\/posts\/1418\/revisions\/1453"}],"wp:attachment":[{"href":"https:\/\/lesnaturalistesdecharleroi.be\/index.php\/wp-json\/wp\/v2\/media?parent=1418"}],"wp:term":[{"taxonomy":"category","embeddable":true,"href":"https:\/\/lesnaturalistesdecharleroi.be\/index.php\/wp-json\/wp\/v2\/categories?post=1418"},{"taxonomy":"post_tag","embeddable":true,"href":"https:\/\/lesnaturalistesdecharleroi.be\/index.php\/wp-json\/wp\/v2\/tags?post=1418"}],"curies":[{"name":"wp","href":"https:\/\/api.w.org\/{rel}","templated":true}]}}